{"id":454,"date":"2019-09-01T18:14:07","date_gmt":"2019-09-01T18:14:07","guid":{"rendered":"http:\/\/www.lamiafinestra.it\/simona\/?p=454"},"modified":"2022-04-04T13:59:27","modified_gmt":"2022-04-04T13:59:27","slug":"giochi-e-curiosita-montmartre-la-collina-degli-artisti-e-lasinello-pittore","status":"publish","type":"post","link":"https:\/\/www.lamiafinestra.it\/simona\/giochi-e-curiosita-montmartre-la-collina-degli-artisti-e-lasinello-pittore\/","title":{"rendered":"Giochi e Curiosit\u00e0: Montmartre, la collina degli artisti e l\u2019asinello pittore."},"content":{"rendered":"\n<p><em>Il quartiere di Montmartre, famoso ai pi\u00f9 per il Moulin Rouge, \u00e8 stato il centro della vita boh\u00e9mien, la collina pi\u00f9 pazza di Parigi, dimora di artisti e scrittori spesso senza un soldo (si narra che qualcuno facesse a turno a dormire nei letti per dividere l\u2019affitto&#8230;) ma ben forniti di senso dell\u2019umorismo e voglia di scherzare. Fra i tanti artisti, ne voglio raccontare qui uno particolarissimo per la sua natura&#8230;un asino!! Si tratta di una delle beffe pi\u00f9 famose di Parigi, nata in un periodo in cui tante erano le discussioni sull\u2019arte e le sue forme. Lo scrittore e giornalista Dorgel\u00e8s, spinto dall\u2019avversione verso l\u2019anticonformismo dell\u2019arte moderna, di Picasso in particolare, tir\u00f2 uno scherzo al poeta Apollinaire, strenuo difensore del cubismo. In accordo con Fr\u00e9d\u00e9, proprietario del cabaret \u201cLe lapin agile\u201d, attacc\u00f2 un pennello alla coda dell\u2019asino Lolo e, con l\u2019aiuto di qualche carotina da mangiare, messa una tela vicino all\u2019animale,\u00a0a forza di colpi di coda quello sporc\u00f2 &#8230;ehm no&#8230; dipinse! Insomma, in qualche modo il colore fin\u00ec sulla tela che, corredata del bel titolo \u201cSoleil endormi sur l&#8217;Adriatique&#8221; (tramonto sull\u2019Adriatico) venne presentata al Salone ufficiale di Parigi come l\u2019opera di un\u2019artista misterioso, tale Boronali (anagramma di Aliboron, il nome di un\u2019asino di una delle favole di La Fontaine!). Per concludere: il dipinto fu venduto a 400 franchi dell\u2019epoca, una bella somma, e tutt\u2019oggi \u00e8 esposto, debitamente incorniciato, presso il museo Espace Culturel Paul B\u00e9du&#8221; a Milly-la- For\u00eat!<\/em><\/p>\n","protected":false},"excerpt":{"rendered":"<p>Il quartiere di Montmartre, famoso ai pi\u00f9 per il Moulin Rouge, \u00e8 stato il centro della vita boh\u00e9mien, la collina pi\u00f9 pazza di Parigi, dimora di artisti e scrittori spesso senza un soldo (si narra che qualcuno facesse a turno&#8230;<\/p>\n","protected":false},"author":2,"featured_media":0,"comment_status":"closed","ping_status":"open","sticky":false,"template":"","format":"standard","meta":{"footnotes":""},"categories":[46,39],"tags":[21,78,131],"class_list":["post-454","post","type-post","status-publish","format-standard","hentry","category-francia","category-giochi-e-curiosita","tag-bambini-in-viaggio","tag-leggende","tag-montmatre"],"_links":{"self":[{"href":"https:\/\/www.lamiafinestra.it\/simona\/wp-json\/wp\/v2\/posts\/454","targetHints":{"allow":["GET"]}}],"collection":[{"href":"https:\/\/www.lamiafinestra.it\/simona\/wp-json\/wp\/v2\/posts"}],"about":[{"href":"https:\/\/www.lamiafinestra.it\/simona\/wp-json\/wp\/v2\/types\/post"}],"author":[{"embeddable":true,"href":"https:\/\/www.lamiafinestra.it\/simona\/wp-json\/wp\/v2\/users\/2"}],"replies":[{"embeddable":true,"href":"https:\/\/www.lamiafinestra.it\/simona\/wp-json\/wp\/v2\/comments?post=454"}],"version-history":[{"count":1,"href":"https:\/\/www.lamiafinestra.it\/simona\/wp-json\/wp\/v2\/posts\/454\/revisions"}],"predecessor-version":[{"id":455,"href":"https:\/\/www.lamiafinestra.it\/simona\/wp-json\/wp\/v2\/posts\/454\/revisions\/455"}],"wp:attachment":[{"href":"https:\/\/www.lamiafinestra.it\/simona\/wp-json\/wp\/v2\/media?parent=454"}],"wp:term":[{"taxonomy":"category","embeddable":true,"href":"https:\/\/www.lamiafinestra.it\/simona\/wp-json\/wp\/v2\/categories?post=454"},{"taxonomy":"post_tag","embeddable":true,"href":"https:\/\/www.lamiafinestra.it\/simona\/wp-json\/wp\/v2\/tags?post=454"}],"curies":[{"name":"wp","href":"https:\/\/api.w.org\/{rel}","templated":true}]}}